{"id":151,"date":"2024-02-07T17:14:54","date_gmt":"2024-02-07T17:14:54","guid":{"rendered":"https:\/\/lapmesterduo.hu\/?p=151"},"modified":"2024-03-27T14:42:48","modified_gmt":"2024-03-27T14:42:48","slug":"travertin-a-sokoldalu-anyag","status":"publish","type":"post","link":"https:\/\/www.lapmesterduo.hu\/?p=151","title":{"rendered":"\u00dajra divatban: a travertin - a sokoldal\u00fa nyag"},"content":{"rendered":"\n<div class=\"wp-block-group\"><div class=\"wp-block-group__inner-container is-layout-constrained wp-block-group-is-layout-constrained\">\n<p class=\"has-foreground-color has-background-background-color has-text-color has-background has-source-serif-pro-font-family has-small-font-size\"><strong>\u00dajra divatban: A Travertin - A sokoldal\u00fa anyag 2024-ben. Ahogy bek\u00f6sz\u00f6nt\u00f6tt az \u00faj \u00e9v, \u00fagy jelent meg ism\u00e9t a bels\u0151\u00e9p\u00edt\u00e9szet \u00e9s lakberendez\u00e9s egyik legnagyobb kedvence, a travertin, hogy felid\u00e9zze a term\u00e9szet sz\u00e9ps\u00e9g\u00e9t \u00e9s eleganci\u00e1j\u00e1t otthonainkban. De mi is pontosan a travertin, \u00e9s mi\u00e9rt uralja a t\u00e9rben kialak\u00edt\u00e1s \u00e9s diz\u00e1jn vil\u00e1g\u00e1t? Hadd vezess\u00fcnk kereszt\u00fcl az \u00fajra divatba j\u00f6tt travertin var\u00e1zslatos vil\u00e1g\u00e1n, \u00e9s fedezz\u00fck fel, hogyan lehet ez a k\u0151 a bels\u0151 terek \u00e9kess\u00e9ge! <\/strong><\/p>\n<\/div><\/div>\n\n\n<div class=\"wp-block-image\">\n<figure class=\"aligncenter size-large is-resized\"><img loading=\"lazy\" decoding=\"async\" width=\"1024\" height=\"683\" src=\"https:\/\/lapmesterduo.hu\/wp-content\/uploads\/2024\/02\/5408-1024x683.jpg\" alt=\"\" class=\"wp-image-253\" style=\"object-fit:cover;width:500px;height:300px\"\/><figcaption class=\"wp-element-caption\"> Sokoldal\u00fa anyag.<\/figcaption><\/figure>\n<\/div>\n\n\n<div class=\"wp-block-group\"><div class=\"wp-block-group__inner-container is-layout-constrained wp-block-group-is-layout-constrained\">\n<ul class=\"wp-block-list\">\n<li><strong>Mi is az a travertin?<\/strong><\/li>\n<\/ul>\n\n\n\n<p class=\"has-foreground-color has-text-color has-link-color has-source-serif-pro-font-family has-small-font-size wp-elements-c926c19c8566e2a6e7ccb7dadffb6796\" style=\"margin-top:var(--wp--preset--spacing--40);margin-bottom:var(--wp--preset--spacing--40);font-style:normal;font-weight:400;letter-spacing:1px;line-height:1.5\"><a href=\"https:\/\/www.caesarpalace.hu\">A travert<\/a><a href=\"https:\/\/www.caesarpalace.hu\" target=\"_blank\" rel=\"noreferrer noopener\">in<\/a> egy mes\u00e9s term\u00e9szetes k\u0151zet, amely vulkanikus forr\u00e1sokban \u00e9s \u00e1sv\u00e1nyi lerak\u00f3d\u00e1sokban tal\u00e1lhat\u00f3 meg. Jellegzetes megjelen\u00e9s\u00e9t a term\u00e9szetes sz\u00edn\u00e1rnyalatok, a k\u00fcl\u00f6nleges text\u00fara \u00e9s a szab\u00e1lytalan alakzatok adj\u00e1k, melyek gy\u00f6ny\u00f6r\u0171 term\u00e9szetess\u00e9get \u00e9s egyedis\u00e9get k\u00f6lcs\u00f6n\u00f6znek a burkolatnak. A travertin hossz\u00fa t\u00f6rt\u00e9nelemmel rendelkezik ugyanis  haszn\u00e1lt\u00e1k m\u00e1r az \u00f3kori R\u00f3m\u00e1ban is<\/p>\n\n\n\n<ul class=\"wp-block-list\">\n<li><strong>Travertin a bels\u0151\u00e9p\u00edt\u00e9szetben, lakberendez\u00e9sben<\/strong><\/li>\n<\/ul>\n\n\n\n<p class=\"has-foreground-color has-text-color has-link-color has-source-serif-pro-font-family has-small-font-size wp-elements-a077d1c2b5f32a98ce49de1149470bf6\" style=\"margin-top:var(--wp--preset--spacing--40);margin-bottom:var(--wp--preset--spacing--80);font-style:normal;font-weight:400;letter-spacing:1px;line-height:1.5\">A travertin sokoldal\u00fa anyag, amelyet sz\u00e1mos bels\u0151\u00e9p\u00edt\u00e9szeti \u00e9s lakberendez\u00e9si projektben felhaszn\u00e1lhatunk. Kiv\u00e1l\u00f3 v\u00e1laszt\u00e1s lehet padl\u00f3- \u00e9s falburkolatk\u00e9nt, f\u00fcrd\u0151szobai csemp\u00e9z\u00e9shez, konyhapultokhoz, l\u00e9pcs\u0151k burkol\u00e1s\u00e1hoz \u00e9s m\u00e9g sok m\u00e1s ter\u00fcleten. Az eleg\u00e1ns megjelen\u00e9s\u0171 travertin k\u0151vel k\u00f6nnyed\u00e9n var\u00e1zsolhatunk term\u00e9szetes \u00e9s id\u0151t\u00e1ll\u00f3 k\u00f6rnyezetet otthonunkba vagy \u00fczlet\u00fcnkbe is.<\/p>\n<\/div><\/div>\n\n\n\n<div class=\"wp-block-group\"><div class=\"wp-block-group__inner-container is-layout-constrained wp-block-group-is-layout-constrained\"><div class=\"wp-block-image\">\n<figure class=\"aligncenter size-large is-resized\"><img loading=\"lazy\" decoding=\"async\" width=\"1024\" height=\"684\" src=\"https:\/\/lapmesterduo.hu\/wp-content\/uploads\/2024\/02\/concrete-textured-background-1024x684.jpg\" alt=\"\" class=\"wp-image-207\" style=\"object-fit:cover;width:500px;height:300px\"\/><figcaption class=\"wp-element-caption\">Travertin csempe egy p\u00e9ld\u00e1ja.<\/figcaption><\/figure>\n<\/div><\/div><\/div>\n\n\n\n<div class=\"wp-block-group\"><div class=\"wp-block-group__inner-container is-layout-constrained wp-block-group-is-layout-constrained\">\n<ul class=\"wp-block-list\">\n<li><strong>Spanyol st\u00edlus ir\u00e1nyzat<\/strong><\/li>\n<\/ul>\n\n\n\n<p class=\"has-foreground-color has-text-color has-link-color has-source-serif-pro-font-family has-small-font-size wp-elements-0e45814a6cf1551f6e82533298a4f427\" style=\"margin-top:var(--wp--preset--spacing--40);margin-bottom:var(--wp--preset--spacing--40);font-style:normal;font-weight:400;letter-spacing:1px;line-height:1.5\">A spanyol st\u00edlus\u00fa bels\u0151\u00e9p\u00edt\u00e9szet \u00e9s lakberendez\u00e9s egyre n\u00e9pszer\u0171bb\u00e9 v\u00e1lik a trendek vil\u00e1g\u00e1ban, \u00e9s a travertin t\u00f6k\u00e9letesen illeszkedik ehhez az ir\u00e1nyzathoz. A spanyol st\u00edlus kiv\u00e1l\u00f3an kiemeli a travertin term\u00e9szetes sz\u00e9ps\u00e9g\u00e9t \u00e9s melegs\u00e9g\u00e9t, \u00e9s egyedi atmoszf\u00e9r\u00e1t teremt az otthonunkban vagy a v\u00e1llalkoz\u00e1sunkban. K\u00e9pzelj\u00fck el egy mediterr\u00e1n hangulat\u00fa bels\u0151 teret, ahol a travertin padl\u00f3 burkolata meleg f\u00e9ny\u00e9vel \u00e9s sz\u00edn\u00e9vel fokozza az otthonoss\u00e1g \u00e9rzet\u00e9t, vagy egy spanyol st\u00edlus\u00fa konyh\u00e1t, ahol a travertin falburkolat dics\u0151s\u00e9gesen kiemeli a helyis\u00e9g var\u00e1zs\u00e1t.<\/p>\n\n\n\n<p class=\"has-source-serif-pro-font-family\" style=\"text-transform:none\">A <a href=\"https:\/\/lapmesterduo.hu\" target=\"_blank\" rel=\"noreferrer noopener\">Lapmester-Duo Kft<\/a>. elk\u00f6telezett a min\u0151s\u00e9gi travertin sokoldal\u00fa anyag ir\u00e1nt, ami az idei \u00e9v egyik legdivatosabb burkol\u00f3anyaga. A travertin eleg\u00e1ns megjelen\u00e9se \u00e9s term\u00e9szetes sz\u00e9ps\u00e9ge leny\u0171g\u00f6z\u0151 k\u00f6rnyezetet teremt b\u00e1rmely helyis\u00e9gben. A c\u00e9g szak\u00e9rt\u0151i gondoskodnak arr\u00f3l, hogy a travertin csempe prec\u00edzen ker\u00fclj\u00f6n elhelyez\u00e9sre, biztos\u00edtva a tart\u00f3ss\u00e1got, eszt\u00e9tikai \u00e9lvezetet.<\/p>\n<\/div><\/div>\n","protected":false},"excerpt":{"rendered":"<p>\u00dajra divatban: A Travertin - A sokoldal\u00fa anyag 2024-ben. Ahogy bek\u00f6sz\u00f6nt\u00f6tt az \u00faj \u00e9v, \u00fagy jelent meg ism\u00e9t a bels\u0151\u00e9p\u00edt\u00e9szet \u00e9s lakberendez\u00e9s egyik legnagyobb kedvence, a travertin, hogy felid\u00e9zze a term\u00e9szet sz\u00e9ps\u00e9g\u00e9t \u00e9s eleganci\u00e1j\u00e1t otthonainkban. De mi is pontosan a travertin, \u00e9s mi\u00e9rt uralja a t\u00e9rben kialak\u00edt\u00e1s \u00e9s diz\u00e1jn vil\u00e1g\u00e1t? Hadd vezess\u00fcnk kereszt\u00fcl az \u00fajra [&hellip;]<\/p>\n","protected":false},"author":1,"featured_media":219,"comment_status":"closed","ping_status":"closed","sticky":false,"template":"","format":"standard","meta":{"footnotes":""},"categories":[18],"tags":[],"class_list":["post-151","post","type-post","status-publish","format-standard","has-post-thumbnail","hentry","category-uncategorized"],"yoast_head":"<!-- This site is optimized with the Yoast SEO plugin v27.5 - https:\/\/yoast.com\/product\/yoast-seo-wordpress\/ -->\n<title>Travertin A Sokoldal\u00fa Anyag<\/title>\n<meta name=\"description\" content=\"A travertin sokoldal\u00fa anyag, amelyet sz\u00e1mos bels\u0151\u00e9p\u00edt\u00e9szeti \u00e9s lakberendez\u00e9si projektben felhaszn\u00e1lhatunk.\" \/>\n<meta name=\"robots\" content=\"index, follow, max-snippet:-1, max-image-preview:large, max-video-preview:-1\" \/>\n<link rel=\"canonical\" href=\"https:\/\/www.lapmesterduo.hu\/?p=151\" \/>\n<meta property=\"og:locale\" content=\"hu_HU\" \/>\n<meta property=\"og:type\" content=\"article\" \/>\n<meta property=\"og:title\" content=\"\u00dajra Divatban A Travertin\" \/>\n<meta property=\"og:description\" content=\"A 2024-es \u00e9v szt\u00e1rja a travertin, amely a Spanyol modern elegancia megtestes\u00edt\u0151je.\" \/>\n<meta property=\"og:url\" content=\"https:\/\/www.lapmesterduo.hu\/?p=151\" \/>\n<meta property=\"og:site_name\" content=\"Lapmesterduo\" \/>\n<meta property=\"article:published_time\" content=\"2024-02-07T17:14:54+00:00\" \/>\n<meta property=\"article:modified_time\" content=\"2024-03-27T14:42:48+00:00\" \/>\n<meta property=\"og:image\" content=\"https:\/\/www.lapmesterduo.hu\/wp-content\/uploads\/2024\/02\/Lapmester_Duo_Logo-2-1024x1024.png\" \/>\n\t<meta property=\"og:image:width\" content=\"1024\" \/>\n\t<meta property=\"og:image:height\" content=\"1024\" \/>\n\t<meta property=\"og:image:type\" content=\"image\/png\" \/>\n<meta name=\"author\" content=\"lapmesterduo\" \/>\n<meta name=\"twitter:card\" content=\"summary_large_image\" \/>\n<meta name=\"twitter:label1\" content=\"Szerz\u0151:\" \/>\n\t<meta name=\"twitter:data1\" content=\"lapmesterduo\" \/>\n\t<meta name=\"twitter:label2\" content=\"Becs\u00fclt olvas\u00e1si id\u0151\" \/>\n\t<meta name=\"twitter:data2\" content=\"3 perc\" \/>\n<script type=\"application\/ld+json\" class=\"yoast-schema-graph\">{\"@context\":\"https:\\\/\\\/schema.org\",\"@graph\":[{\"@type\":[\"Article\",\"BlogPosting\"],\"@id\":\"https:\\\/\\\/www.lapmesterduo.hu\\\/?p=151#article\",\"isPartOf\":{\"@id\":\"https:\\\/\\\/www.lapmesterduo.hu\\\/?p=151\"},\"author\":{\"name\":\"lapmesterduo\",\"@id\":\"https:\\\/\\\/www.lapmesterduo.hu\\\/#\\\/schema\\\/person\\\/ea869dbae94f72f9a2bebdb8ad3f4ea4\"},\"headline\":\"\u00dajra divatban: a travertin - a sokoldal\u00fa nyag\",\"datePublished\":\"2024-02-07T17:14:54+00:00\",\"dateModified\":\"2024-03-27T14:42:48+00:00\",\"mainEntityOfPage\":{\"@id\":\"https:\\\/\\\/www.lapmesterduo.hu\\\/?p=151\"},\"wordCount\":481,\"publisher\":{\"@id\":\"https:\\\/\\\/www.lapmesterduo.hu\\\/#organization\"},\"image\":{\"@id\":\"https:\\\/\\\/www.lapmesterduo.hu\\\/?p=151#primaryimage\"},\"thumbnailUrl\":\"https:\\\/\\\/www.lapmesterduo.hu\\\/wp-content\\\/uploads\\\/2024\\\/02\\\/2150692323-e1710247521114.jpg\",\"articleSection\":[\"uncategorized\"],\"inLanguage\":\"hu\"},{\"@type\":\"WebPage\",\"@id\":\"https:\\\/\\\/www.lapmesterduo.hu\\\/?p=151\",\"url\":\"https:\\\/\\\/www.lapmesterduo.hu\\\/?p=151\",\"name\":\"Travertin A Sokoldal\u00fa Anyag\",\"isPartOf\":{\"@id\":\"https:\\\/\\\/www.lapmesterduo.hu\\\/#website\"},\"primaryImageOfPage\":{\"@id\":\"https:\\\/\\\/www.lapmesterduo.hu\\\/?p=151#primaryimage\"},\"image\":{\"@id\":\"https:\\\/\\\/www.lapmesterduo.hu\\\/?p=151#primaryimage\"},\"thumbnailUrl\":\"https:\\\/\\\/www.lapmesterduo.hu\\\/wp-content\\\/uploads\\\/2024\\\/02\\\/2150692323-e1710247521114.jpg\",\"datePublished\":\"2024-02-07T17:14:54+00:00\",\"dateModified\":\"2024-03-27T14:42:48+00:00\",\"description\":\"A travertin sokoldal\u00fa anyag, amelyet sz\u00e1mos bels\u0151\u00e9p\u00edt\u00e9szeti \u00e9s lakberendez\u00e9si projektben felhaszn\u00e1lhatunk.\",\"breadcrumb\":{\"@id\":\"https:\\\/\\\/www.lapmesterduo.hu\\\/?p=151#breadcrumb\"},\"inLanguage\":\"hu\",\"potentialAction\":[{\"@type\":\"ReadAction\",\"target\":[\"https:\\\/\\\/www.lapmesterduo.hu\\\/?p=151\"]}]},{\"@type\":\"ImageObject\",\"inLanguage\":\"hu\",\"@id\":\"https:\\\/\\\/www.lapmesterduo.hu\\\/?p=151#primaryimage\",\"url\":\"https:\\\/\\\/www.lapmesterduo.hu\\\/wp-content\\\/uploads\\\/2024\\\/02\\\/2150692323-e1710247521114.jpg\",\"contentUrl\":\"https:\\\/\\\/www.lapmesterduo.hu\\\/wp-content\\\/uploads\\\/2024\\\/02\\\/2150692323-e1710247521114.jpg\",\"width\":1024,\"height\":683},{\"@type\":\"BreadcrumbList\",\"@id\":\"https:\\\/\\\/www.lapmesterduo.hu\\\/?p=151#breadcrumb\",\"itemListElement\":[{\"@type\":\"ListItem\",\"position\":1,\"name\":\"Kezd\u0151lap\",\"item\":\"https:\\\/\\\/www.lapmesterduo.hu\\\/\"},{\"@type\":\"ListItem\",\"position\":2,\"name\":\"\u00dajra divatban: a travertin - a sokoldal\u00fa nyag\"}]},{\"@type\":\"WebSite\",\"@id\":\"https:\\\/\\\/www.lapmesterduo.hu\\\/#website\",\"url\":\"https:\\\/\\\/www.lapmesterduo.hu\\\/\",\"name\":\"Lapmesterduo\",\"description\":\"Magas min\u0151s\u00e9g\u0171 hidegburkol\u00e1s\",\"publisher\":{\"@id\":\"https:\\\/\\\/www.lapmesterduo.hu\\\/#organization\"},\"potentialAction\":[{\"@type\":\"SearchAction\",\"target\":{\"@type\":\"EntryPoint\",\"urlTemplate\":\"https:\\\/\\\/www.lapmesterduo.hu\\\/?s={search_term_string}\"},\"query-input\":{\"@type\":\"PropertyValueSpecification\",\"valueRequired\":true,\"valueName\":\"search_term_string\"}}],\"inLanguage\":\"hu\"},{\"@type\":\"Organization\",\"@id\":\"https:\\\/\\\/www.lapmesterduo.hu\\\/#organization\",\"name\":\"Lapmesterduo\",\"url\":\"https:\\\/\\\/www.lapmesterduo.hu\\\/\",\"logo\":{\"@type\":\"ImageObject\",\"inLanguage\":\"hu\",\"@id\":\"https:\\\/\\\/www.lapmesterduo.hu\\\/#\\\/schema\\\/logo\\\/image\\\/\",\"url\":\"https:\\\/\\\/lapmesterduo.hu\\\/wp-content\\\/uploads\\\/2024\\\/02\\\/Lapmester_Duo_Logo-2-1024x1024.png\",\"contentUrl\":\"https:\\\/\\\/lapmesterduo.hu\\\/wp-content\\\/uploads\\\/2024\\\/02\\\/Lapmester_Duo_Logo-2-1024x1024.png\",\"width\":1024,\"height\":1024,\"caption\":\"Lapmesterduo\"},\"image\":{\"@id\":\"https:\\\/\\\/www.lapmesterduo.hu\\\/#\\\/schema\\\/logo\\\/image\\\/\"},\"sameAs\":[\"https:\\\/\\\/www.instagram.com\\\/lapmesterduo_kft\\\/?igsh=MXF5dWk1YnQ3bGQwYg\"]},{\"@type\":\"Person\",\"@id\":\"https:\\\/\\\/www.lapmesterduo.hu\\\/#\\\/schema\\\/person\\\/ea869dbae94f72f9a2bebdb8ad3f4ea4\",\"name\":\"lapmesterduo\",\"image\":{\"@type\":\"ImageObject\",\"inLanguage\":\"hu\",\"@id\":\"https:\\\/\\\/secure.gravatar.com\\\/avatar\\\/b8b395a530d709553859c11f7dc5589d0a7fd15d497e0f69d01ac957a0ee7a28?s=96&d=mm&r=g\",\"url\":\"https:\\\/\\\/secure.gravatar.com\\\/avatar\\\/b8b395a530d709553859c11f7dc5589d0a7fd15d497e0f69d01ac957a0ee7a28?s=96&d=mm&r=g\",\"contentUrl\":\"https:\\\/\\\/secure.gravatar.com\\\/avatar\\\/b8b395a530d709553859c11f7dc5589d0a7fd15d497e0f69d01ac957a0ee7a28?s=96&d=mm&r=g\",\"caption\":\"lapmesterduo\"},\"sameAs\":[\"https:\\\/\\\/lapmesterduo.hu\"]}]}<\/script>\n<!-- \/ Yoast SEO plugin. -->","yoast_head_json":{"title":"Travertin A Sokoldal\u00fa Anyag","description":"A travertin sokoldal\u00fa anyag, amelyet sz\u00e1mos bels\u0151\u00e9p\u00edt\u00e9szeti \u00e9s lakberendez\u00e9si projektben felhaszn\u00e1lhatunk.","robots":{"index":"index","follow":"follow","max-snippet":"max-snippet:-1","max-image-preview":"max-image-preview:large","max-video-preview":"max-video-preview:-1"},"canonical":"https:\/\/www.lapmesterduo.hu\/?p=151","og_locale":"hu_HU","og_type":"article","og_title":"\u00dajra Divatban A Travertin","og_description":"A 2024-es \u00e9v szt\u00e1rja a travertin, amely a Spanyol modern elegancia megtestes\u00edt\u0151je.","og_url":"https:\/\/www.lapmesterduo.hu\/?p=151","og_site_name":"Lapmesterduo","article_published_time":"2024-02-07T17:14:54+00:00","article_modified_time":"2024-03-27T14:42:48+00:00","og_image":[{"width":1024,"height":1024,"url":"https:\/\/www.lapmesterduo.hu\/wp-content\/uploads\/2024\/02\/Lapmester_Duo_Logo-2-1024x1024.png","type":"image\/png"}],"author":"lapmesterduo","twitter_card":"summary_large_image","twitter_misc":{"Szerz\u0151:":"lapmesterduo","Becs\u00fclt olvas\u00e1si id\u0151":"3 perc"},"schema":{"@context":"https:\/\/schema.org","@graph":[{"@type":["Article","BlogPosting"],"@id":"https:\/\/www.lapmesterduo.hu\/?p=151#article","isPartOf":{"@id":"https:\/\/www.lapmesterduo.hu\/?p=151"},"author":{"name":"lapmesterduo","@id":"https:\/\/www.lapmesterduo.hu\/#\/schema\/person\/ea869dbae94f72f9a2bebdb8ad3f4ea4"},"headline":"\u00dajra divatban: a travertin - a sokoldal\u00fa nyag","datePublished":"2024-02-07T17:14:54+00:00","dateModified":"2024-03-27T14:42:48+00:00","mainEntityOfPage":{"@id":"https:\/\/www.lapmesterduo.hu\/?p=151"},"wordCount":481,"publisher":{"@id":"https:\/\/www.lapmesterduo.hu\/#organization"},"image":{"@id":"https:\/\/www.lapmesterduo.hu\/?p=151#primaryimage"},"thumbnailUrl":"https:\/\/www.lapmesterduo.hu\/wp-content\/uploads\/2024\/02\/2150692323-e1710247521114.jpg","articleSection":["uncategorized"],"inLanguage":"hu"},{"@type":"WebPage","@id":"https:\/\/www.lapmesterduo.hu\/?p=151","url":"https:\/\/www.lapmesterduo.hu\/?p=151","name":"Travertin A Sokoldal\u00fa Anyag","isPartOf":{"@id":"https:\/\/www.lapmesterduo.hu\/#website"},"primaryImageOfPage":{"@id":"https:\/\/www.lapmesterduo.hu\/?p=151#primaryimage"},"image":{"@id":"https:\/\/www.lapmesterduo.hu\/?p=151#primaryimage"},"thumbnailUrl":"https:\/\/www.lapmesterduo.hu\/wp-content\/uploads\/2024\/02\/2150692323-e1710247521114.jpg","datePublished":"2024-02-07T17:14:54+00:00","dateModified":"2024-03-27T14:42:48+00:00","description":"A travertin sokoldal\u00fa anyag, amelyet sz\u00e1mos bels\u0151\u00e9p\u00edt\u00e9szeti \u00e9s lakberendez\u00e9si projektben felhaszn\u00e1lhatunk.","breadcrumb":{"@id":"https:\/\/www.lapmesterduo.hu\/?p=151#breadcrumb"},"inLanguage":"hu","potentialAction":[{"@type":"ReadAction","target":["https:\/\/www.lapmesterduo.hu\/?p=151"]}]},{"@type":"ImageObject","inLanguage":"hu","@id":"https:\/\/www.lapmesterduo.hu\/?p=151#primaryimage","url":"https:\/\/www.lapmesterduo.hu\/wp-content\/uploads\/2024\/02\/2150692323-e1710247521114.jpg","contentUrl":"https:\/\/www.lapmesterduo.hu\/wp-content\/uploads\/2024\/02\/2150692323-e1710247521114.jpg","width":1024,"height":683},{"@type":"BreadcrumbList","@id":"https:\/\/www.lapmesterduo.hu\/?p=151#breadcrumb","itemListElement":[{"@type":"ListItem","position":1,"name":"Kezd\u0151lap","item":"https:\/\/www.lapmesterduo.hu\/"},{"@type":"ListItem","position":2,"name":"\u00dajra divatban: a travertin - a sokoldal\u00fa nyag"}]},{"@type":"WebSite","@id":"https:\/\/www.lapmesterduo.hu\/#website","url":"https:\/\/www.lapmesterduo.hu\/","name":"Lapmesterduo","description":"Magas min\u0151s\u00e9g\u0171 hidegburkol\u00e1s","publisher":{"@id":"https:\/\/www.lapmesterduo.hu\/#organization"},"potentialAction":[{"@type":"SearchAction","target":{"@type":"EntryPoint","urlTemplate":"https:\/\/www.lapmesterduo.hu\/?s={search_term_string}"},"query-input":{"@type":"PropertyValueSpecification","valueRequired":true,"valueName":"search_term_string"}}],"inLanguage":"hu"},{"@type":"Organization","@id":"https:\/\/www.lapmesterduo.hu\/#organization","name":"Lapmesterduo","url":"https:\/\/www.lapmesterduo.hu\/","logo":{"@type":"ImageObject","inLanguage":"hu","@id":"https:\/\/www.lapmesterduo.hu\/#\/schema\/logo\/image\/","url":"https:\/\/lapmesterduo.hu\/wp-content\/uploads\/2024\/02\/Lapmester_Duo_Logo-2-1024x1024.png","contentUrl":"https:\/\/lapmesterduo.hu\/wp-content\/uploads\/2024\/02\/Lapmester_Duo_Logo-2-1024x1024.png","width":1024,"height":1024,"caption":"Lapmesterduo"},"image":{"@id":"https:\/\/www.lapmesterduo.hu\/#\/schema\/logo\/image\/"},"sameAs":["https:\/\/www.instagram.com\/lapmesterduo_kft\/?igsh=MXF5dWk1YnQ3bGQwYg"]},{"@type":"Person","@id":"https:\/\/www.lapmesterduo.hu\/#\/schema\/person\/ea869dbae94f72f9a2bebdb8ad3f4ea4","name":"lapmesterduo","image":{"@type":"ImageObject","inLanguage":"hu","@id":"https:\/\/secure.gravatar.com\/avatar\/b8b395a530d709553859c11f7dc5589d0a7fd15d497e0f69d01ac957a0ee7a28?s=96&d=mm&r=g","url":"https:\/\/secure.gravatar.com\/avatar\/b8b395a530d709553859c11f7dc5589d0a7fd15d497e0f69d01ac957a0ee7a28?s=96&d=mm&r=g","contentUrl":"https:\/\/secure.gravatar.com\/avatar\/b8b395a530d709553859c11f7dc5589d0a7fd15d497e0f69d01ac957a0ee7a28?s=96&d=mm&r=g","caption":"lapmesterduo"},"sameAs":["https:\/\/lapmesterduo.hu"]}]}},"_links":{"self":[{"href":"https:\/\/www.lapmesterduo.hu\/index.php?rest_route=\/wp\/v2\/posts\/151","targetHints":{"allow":["GET"]}}],"collection":[{"href":"https:\/\/www.lapmesterduo.hu\/index.php?rest_route=\/wp\/v2\/posts"}],"about":[{"href":"https:\/\/www.lapmesterduo.hu\/index.php?rest_route=\/wp\/v2\/types\/post"}],"author":[{"embeddable":true,"href":"https:\/\/www.lapmesterduo.hu\/index.php?rest_route=\/wp\/v2\/users\/1"}],"replies":[{"embeddable":true,"href":"https:\/\/www.lapmesterduo.hu\/index.php?rest_route=%2Fwp%2Fv2%2Fcomments&post=151"}],"version-history":[{"count":24,"href":"https:\/\/www.lapmesterduo.hu\/index.php?rest_route=\/wp\/v2\/posts\/151\/revisions"}],"predecessor-version":[{"id":488,"href":"https:\/\/www.lapmesterduo.hu\/index.php?rest_route=\/wp\/v2\/posts\/151\/revisions\/488"}],"wp:featuredmedia":[{"embeddable":true,"href":"https:\/\/www.lapmesterduo.hu\/index.php?rest_route=\/wp\/v2\/media\/219"}],"wp:attachment":[{"href":"https:\/\/www.lapmesterduo.hu\/index.php?rest_route=%2Fwp%2Fv2%2Fmedia&parent=151"}],"wp:term":[{"taxonomy":"category","embeddable":true,"href":"https:\/\/www.lapmesterduo.hu\/index.php?rest_route=%2Fwp%2Fv2%2Fcategories&post=151"},{"taxonomy":"post_tag","embeddable":true,"href":"https:\/\/www.lapmesterduo.hu\/index.php?rest_route=%2Fwp%2Fv2%2Ftags&post=151"}],"curies":[{"name":"wp","href":"https:\/\/api.w.org\/{rel}","templated":true}]}}